{"id":15377,"date":"2025-05-15T08:30:00","date_gmt":"2025-05-15T06:30:00","guid":{"rendered":"https:\/\/militaerverlag.com\/?p=15377"},"modified":"2026-03-01T23:51:24","modified_gmt":"2026-03-01T22:51:24","slug":"frieden-mit-russland-ab-sofort-lieferbar","status":"publish","type":"post","link":"https:\/\/militaerverlag.de\/?p=15377","title":{"rendered":"Frieden mit Russland \u2013 ab sofort lieferbar"},"content":{"rendered":"\n<p>Zwei Jahre nach der Konferenz \u00bbDialog statt Waffen\u00ab lud das Ostdeutsche Kuratorium von Verb\u00e4nden e. V. (OKV) erneut zu einer Tagung: Am Vorabend des 80. Jahrestages der Befreiung Europas vom Hitlerfaschismus diskutierten zwei Dutzend Wissenschaftler, Milit\u00e4rs, Schriftsteller, Friedensaktivisten und Friedensforscher \u00fcber die wachsende Gefahr eines globalen Krieges.<\/p>\n\n\n\n<p>\u00bbFrieden mit Russland\u00ab ist der Tagungsband zu dieser Konferenz, herausgegeben von Joachim Bonatz und Rainer Rupp, mit Beitr\u00e4gen von Hans Bauer, Gerald B\u00f6hm, Tilo Gr\u00e4ser, Manfred Gr\u00e4tz, Christa Luft, Peter Michel, Theodore A. Postol, Doris Pumphrey, Rainer Rupp, Lawrence Wilkerson und vielen anderen sowie einer Erkl\u00e4rung der Konferenzteilnehmer zum 80. Jahrestag der Befreiung.<\/p>\n\n\n\n<p>\u00bbFrieden mit Russland\u00ab \u2013 ab sofort erh\u00e4ltlich im gutsortierten Buchhandel und in unserem Shop.<\/p>\n\n\n\n<p>\ud83d\udcd8 <strong>Jetzt bestellen:<\/strong> <a href=\"\/?product=frieden-mit-russland\">Zum Shop<\/a><\/p>\n","protected":false},"excerpt":{"rendered":"<p>Zwei Jahre nach der Konferenz \u00bbDialog statt Waffen\u00ab lud das Ostdeutsche Kuratorium von Verb\u00e4nden e. V. (OKV) erneut zu einer Tagung: Am Vorabend des 80. Jahrestages der Befreiung Europas vom&#8230;<\/p>\n","protected":false},"author":1,"featured_media":0,"comment_status":"closed","ping_status":"closed","sticky":false,"template":"","format":"standard","meta":{"footnotes":""},"categories":[174],"tags":[156,153,168,152,165,164,167,166],"class_list":["post-15377","post","type-post","status-publish","format-standard","hentry","category-new-releases","tag-antikrieg","tag-deutschermilitarverlag","tag-europa","tag-frieden","tag-friedenmitrussland","tag-joachimbonatz","tag-politik","tag-rainerrupp"],"_links":{"self":[{"href":"https:\/\/militaerverlag.de\/index.php?rest_route=\/wp\/v2\/posts\/15377","targetHints":{"allow":["GET"]}}],"collection":[{"href":"https:\/\/militaerverlag.de\/index.php?rest_route=\/wp\/v2\/posts"}],"about":[{"href":"https:\/\/militaerverlag.de\/index.php?rest_route=\/wp\/v2\/types\/post"}],"author":[{"embeddable":true,"href":"https:\/\/militaerverlag.de\/index.php?rest_route=\/wp\/v2\/users\/1"}],"replies":[{"embeddable":true,"href":"https:\/\/militaerverlag.de\/index.php?rest_route=%2Fwp%2Fv2%2Fcomments&post=15377"}],"version-history":[{"count":4,"href":"https:\/\/militaerverlag.de\/index.php?rest_route=\/wp\/v2\/posts\/15377\/revisions"}],"predecessor-version":[{"id":15474,"href":"https:\/\/militaerverlag.de\/index.php?rest_route=\/wp\/v2\/posts\/15377\/revisions\/15474"}],"wp:attachment":[{"href":"https:\/\/militaerverlag.de\/index.php?rest_route=%2Fwp%2Fv2%2Fmedia&parent=15377"}],"wp:term":[{"taxonomy":"category","embeddable":true,"href":"https:\/\/militaerverlag.de\/index.php?rest_route=%2Fwp%2Fv2%2Fcategories&post=15377"},{"taxonomy":"post_tag","embeddable":true,"href":"https:\/\/militaerverlag.de\/index.php?rest_route=%2Fwp%2Fv2%2Ftags&post=15377"}],"curies":[{"name":"wp","href":"https:\/\/api.w.org\/{rel}","templated":true}]}}