{"id":15368,"date":"2025-10-15T02:48:30","date_gmt":"2025-10-15T00:48:30","guid":{"rendered":"https:\/\/militaerverlag.com\/?p=15368"},"modified":"2026-03-01T23:51:11","modified_gmt":"2026-03-01T22:51:11","slug":"neue-website-ein-neuer-anfang","status":"publish","type":"post","link":"https:\/\/militaerverlag.de\/?p=15368","title":{"rendered":"Neuer Start \u2013 neue Website"},"content":{"rendered":"\n<p>Mit Freude pr\u00e4sentieren wir unsere neue Website des <strong>Deutschen Milit\u00e4rverlags<\/strong>. Nach der Reaktivierung des Verlags im Fr\u00fchjahr dieses Jahres gehen wir nun auch digital einen Schritt weiter: klarer Aufbau, aktuelle Informationen und direkter Zugang zu B\u00fcchern, Autorinnen und Autoren sowie aktuelle Informationen.<\/p>\n\n\n\n<p>Die neue Seite zeigt, wof\u00fcr der Verlag heute steht: <strong>Frieden, Antimilitarusmus und verantwortungsvoller Umgang mit der Geschichte<\/strong>. Leserinnen und Leser finden hier Einblicke in unser Programm, Hintergr\u00fcnde zu unseren Publikationen und Neuigkeiten aus dem Verlag.<\/p>\n\n\n\n<p>\ud83d\udc49 <a href=\"\/?page_id=11843\">Zu unseren B\u00fcchern<\/a><br>\ud83d\udc49 <a href=\"\/?page_id=529\">Mehr \u00fcber uns<\/a><\/p>\n\n\n\n<p><\/p>\n","protected":false},"excerpt":{"rendered":"<p>Mit Freude pr\u00e4sentieren wir unsere neue Website des Deutschen Milit\u00e4rverlags. Nach der Reaktivierung des Verlags im Fr\u00fchjahr dieses Jahres gehen wir nun auch digital einen Schritt weiter: klarer Aufbau, aktuelle&#8230;<\/p>\n","protected":false},"author":3,"featured_media":0,"comment_status":"closed","ping_status":"closed","sticky":false,"template":"","format":"standard","meta":{"footnotes":""},"categories":[20],"tags":[153,150,152,151,149],"class_list":["post-15368","post","type-post","status-publish","format-standard","hentry","category-news","tag-deutschermilitarverlag","tag-digitalisierung","tag-frieden","tag-verlagsnews","tag-websiterelaunch"],"_links":{"self":[{"href":"https:\/\/militaerverlag.de\/index.php?rest_route=\/wp\/v2\/posts\/15368","targetHints":{"allow":["GET"]}}],"collection":[{"href":"https:\/\/militaerverlag.de\/index.php?rest_route=\/wp\/v2\/posts"}],"about":[{"href":"https:\/\/militaerverlag.de\/index.php?rest_route=\/wp\/v2\/types\/post"}],"author":[{"embeddable":true,"href":"https:\/\/militaerverlag.de\/index.php?rest_route=\/wp\/v2\/users\/3"}],"replies":[{"embeddable":true,"href":"https:\/\/militaerverlag.de\/index.php?rest_route=%2Fwp%2Fv2%2Fcomments&post=15368"}],"version-history":[{"count":4,"href":"https:\/\/militaerverlag.de\/index.php?rest_route=\/wp\/v2\/posts\/15368\/revisions"}],"predecessor-version":[{"id":15478,"href":"https:\/\/militaerverlag.de\/index.php?rest_route=\/wp\/v2\/posts\/15368\/revisions\/15478"}],"wp:attachment":[{"href":"https:\/\/militaerverlag.de\/index.php?rest_route=%2Fwp%2Fv2%2Fmedia&parent=15368"}],"wp:term":[{"taxonomy":"category","embeddable":true,"href":"https:\/\/militaerverlag.de\/index.php?rest_route=%2Fwp%2Fv2%2Fcategories&post=15368"},{"taxonomy":"post_tag","embeddable":true,"href":"https:\/\/militaerverlag.de\/index.php?rest_route=%2Fwp%2Fv2%2Ftags&post=15368"}],"curies":[{"name":"wp","href":"https:\/\/api.w.org\/{rel}","templated":true}]}}